{"id":9375,"date":"2017-02-09T10:00:22","date_gmt":"2017-02-09T09:00:22","guid":{"rendered":"http:\/\/www.campamentum.com\/blog\/?p=9375"},"modified":"2018-12-13T12:39:55","modified_gmt":"2018-12-13T11:39:55","slug":"campamento-en-marbella","status":"publish","type":"post","link":"https:\/\/www.campamentum.com\/blog\/campamento-en-marbella\/","title":{"rendered":"Mi campamento de verano en Marbella"},"content":{"rendered":"<div class=\"d7674e24c07d6f3f3f96bf009318d221\" data-index=\"1\" style=\"float: none; margin:10px 0 10px 0; text-align:center;\">\n<script async src=\"\/\/pagead2.googlesyndication.com\/pagead\/js\/adsbygoogle.js\"><\/script>\r\n<!-- blog-300x250 -->\r\n<ins class=\"adsbygoogle\"\r\n     style=\"display:inline-block;width:300px;height:250px\"\r\n     data-ad-client=\"ca-pub-5066720444154486\"\r\n     data-ad-slot=\"7632222965\"><\/ins>\r\n<script>\r\n(adsbygoogle = window.adsbygoogle || []).push({});\r\n<\/script>\n<\/div>\n<p>Creo que aqu\u00e9l a\u00f1o estaba estudiando 1 de ESO, por lo que tendr\u00eda unos 13 a\u00f1os. Mi amigo y compa\u00f1ero de colegio, Jaime, llevaba todo el invierno insistiendo en que sus padres <strong>le iban a enviar a un campamento de verano a Marbella<\/strong>, donde al parecer hab\u00eda unas instalaciones que ya hab\u00edan visitado varios amigos suyos un a\u00f1o mayores que \u00e9l. Al principio no le hac\u00eda mucho caso, pero Jaime cumpl\u00eda a\u00f1os en mayo y mira t\u00fa por donde, como nuestros padres eran casi vecinos, decidieron acompa\u00f1arme a su fiesta de cumplea\u00f1os, donde la mam\u00e1 de Jaime les cont\u00f3 sus planes de verano. Aqu\u00e9lla misma noche mi madre ya estaba convenci\u00e9ndome de que nosotros no pod\u00edamos ser menos y en menos de una semana ya estaba inscrito en el mismo campamento que Jaime, con permiso, claro, de sus padres.<\/p>\n<p><a class=\"btn btn-verde btnPortada\" href=\"\/campamentos\/en-malaga\/\">Los mejores campamentos de verano en M\u00e1laga<\/a><\/p>\n<p>Cuatro semanas de campamento en Marbella por delante parec\u00edan muchas, as\u00ed que el d\u00eda de salida de nuestro autob\u00fas delante del Bernab\u00e9u, quien m\u00e1s y quien menos, todos parec\u00edamos irnos poco menos que a la guerra. Ya por el camino <strong>se presentaron uno a uno los tres monitores que nos iban a acompa\u00f1ar<\/strong>, cont\u00e1ndonos c\u00f3mo distribuir\u00edamos el tiempo y c\u00f3mo, a la llegada, tendr\u00edamos que elegir dos de las actividades que se ofertaban en la residencia en la que convivir\u00edamos. Me puse de acuerdo con Jaime para elegir las mismas actividades y as\u00ed compartir el tiempo all\u00ed, por lo que al final los dos tuvimos que ceder un poco y nos sali\u00f3 h\u00edpica y tenis a partes iguales. Yo renunci\u00e9 al golf y Jaime tuvo que hacer lo propio con el f\u00fatbol&#8230;<\/p>\n<p>A la llegada a la residencia nos repartieron de seis en seis, divididos por grupos de amigos y por edades, y nos distribuyeron en las habitaciones, que tampoco es que fueran excesivamente grandes. Tres literas y una especie de armarios-taquilla donde dejar la ropa. Como en casa ya dorm\u00eda en la parte superior de una litera, le ped\u00ed a Jaime que me dejara dormir en esta ocasi\u00f3n debajo, cosa que \u00e9l accedi\u00f3 encantado. Con el l\u00edo de la distribuci\u00f3n de grupos y colocar las cosas en los armarios, la cena la dieron m\u00e1s tarde de lo que ser\u00eda habitual durante los d\u00edas siguientes.<\/p><div class=\"d7674e24c07d6f3f3f96bf009318d221\" data-index=\"1\" style=\"float: none; margin:10px 0 10px 0; text-align:center;\">\n<script async src=\"\/\/pagead2.googlesyndication.com\/pagead\/js\/adsbygoogle.js\"><\/script>\r\n<!-- blog-300x250 -->\r\n<ins class=\"adsbygoogle\"\r\n     style=\"display:inline-block;width:300px;height:250px\"\r\n     data-ad-client=\"ca-pub-5066720444154486\"\r\n     data-ad-slot=\"7632222965\"><\/ins>\r\n<script>\r\n(adsbygoogle = window.adsbygoogle || []).push({});\r\n<\/script>\n<\/div>\n\n<h2>Mi segundo d\u00eda de campamento<\/h2>\n<p>El segundo d\u00eda comenz\u00f3 con la ducha obligatoria, el desayuno y <strong>las cuatro clases diarias de ingl\u00e9s matutino<\/strong>, que si no recuerdo mal, eran de 45 minutos cada una, con una parada intermedia para tomar un bocata o comprar chuches en el quiosco de helados que hab\u00eda en la zona deportiva. Despu\u00e9s ten\u00edamos unas dos horas para utilizar las instalaciones, que la verdad, eran bastante buenas: dos pistas de tenis y otras dos de p\u00e1del, un <a title=\"Campamentos de f\u00fatbol en Espa\u00f1a\" href=\"\/campamentos\/modalidad-futbol\/\">campus de f\u00fatbol<\/a> y otro de baloncesto, una piscina con unos peque\u00f1os trampolines y una especie de front\u00f3n donde algunos d\u00edas se organizaban juegos y competiciones.<\/p>\n<p>Para m\u00ed, que soy un comil\u00f3n, la comida era el mejor momento del d\u00eda. Ten\u00edamos un comedor muy amplio, donde recog\u00edamos una bandeja y hac\u00edamos fila en el autoservicio para llenarnos los platos con todo lo que quisi\u00e9ramos. Todos los d\u00edas pon\u00edan pr\u00e1cticamente lo mismo, aunque como hab\u00eda bastante variedad, era cada uno el que seleccionaba lo que quer\u00eda y repet\u00eda las veces que se le antojaba. Salvo la sopa, que nunca ha sido lo m\u00edo, sol\u00eda llenarme el plato de pasta, filetes, muchas patatas&#8230; y por supuesto \u00a1helados!<\/p>\n<p>Despu\u00e9s hab\u00eda un par de horas libres para que quien quisiera se echara la siesta. Tambi\u00e9n ten\u00edamos una sala de juegos, donde los que no dorm\u00edamos sol\u00edamos hacer cola para <strong>jugar al ping-pong o sentarnos a jugar a las cartas o a unos juegos de mesa<\/strong> que hab\u00eda en unas estanter\u00edas. A media tarde volv\u00edan a aparecer los monitores para realizar las actividades programadas o proponernos excursiones por los alrededores o a la playa. Tres o cuatro d\u00edas tambi\u00e9n tuvimos excursiones de d\u00eda completo para ir a un parque acu\u00e1tico, a Marbella, Mijas y a parques naturales de la zona.<\/p>\n<p>De aqu\u00e9l campamento de verano se me qued\u00f3 una gran afici\u00f3n por los caballos y un buen sentido del humor. Aprend\u00ed a hacer \u00abel sobre\u00bb a las camas, cosa que pude practicar despu\u00e9s con mis primos; y a pintar \u00abtipo indio\u00bb a quien dorm\u00eda pl\u00e1cidamente, cosa que con mis primos no me atrev\u00ed a practicar.<\/p>\n<!--CusAds0-->\n<div style=\"font-size: 0px; height: 0px; line-height: 0px; margin: 0; padding: 0; clear: both;\"><\/div>","protected":false},"excerpt":{"rendered":"<p>Creo que aqu\u00e9l a\u00f1o estaba estudiando 1 de ESO, por lo que tendr\u00eda unos 13 a\u00f1os. Mi amigo y compa\u00f1ero de colegio, Jaime, llevaba todo el invierno insistiendo en que sus padres le iban a enviar a un campamento de verano a Marbella, donde al parecer hab\u00eda unas instalaciones que ya hab\u00edan visitado varios amigos [&hellip;]<\/p>\n","protected":false},"author":1,"featured_media":9376,"comment_status":"open","ping_status":"open","sticky":false,"template":"","format":"standard","meta":{"site-sidebar-layout":"default","site-content-layout":"","ast-site-content-layout":"default","site-content-style":"default","site-sidebar-style":"default","ast-global-header-display":"","ast-banner-title-visibility":"","ast-main-header-display":"","ast-hfb-above-header-display":"","ast-hfb-below-header-display":"","ast-hfb-mobile-header-display":"","site-post-title":"","ast-breadcrumbs-content":"","ast-featured-img":"","footer-sml-layout":"","ast-disable-related-posts":"","theme-transparent-header-meta":"","adv-header-id-meta":"","stick-header-meta":"","header-above-stick-meta":"","header-main-stick-meta":"","header-below-stick-meta":"","astra-migrate-meta-layouts":"default","ast-page-background-enabled":"default","ast-page-background-meta":{"desktop":{"background-color":"","background-image":"","background-repeat":"repeat","background-position":"center center","background-size":"auto","background-attachment":"scroll","background-type":"","background-media":"","overlay-type":"","overlay-color":"","overlay-opacity":"","overlay-gradient":""},"tablet":{"background-color":"","background-image":"","background-repeat":"repeat","background-position":"center center","background-size":"auto","background-attachment":"scroll","background-type":"","background-media":"","overlay-type":"","overlay-color":"","overlay-opacity":"","overlay-gradient":""},"mobile":{"background-color":"","background-image":"","background-repeat":"repeat","background-position":"center center","background-size":"auto","background-attachment":"scroll","background-type":"","background-media":"","overlay-type":"","overlay-color":"","overlay-opacity":"","overlay-gradient":""}},"ast-content-background-meta":{"desktop":{"background-color":"var(--ast-global-color-5)","background-image":"","background-repeat":"repeat","background-position":"center center","background-size":"auto","background-attachment":"scroll","background-type":"","background-media":"","overlay-type":"","overlay-color":"","overlay-opacity":"","overlay-gradient":""},"tablet":{"background-color":"var(--ast-global-color-5)","background-image":"","background-repeat":"repeat","background-position":"center center","background-size":"auto","background-attachment":"scroll","background-type":"","background-media":"","overlay-type":"","overlay-color":"","overlay-opacity":"","overlay-gradient":""},"mobile":{"background-color":"var(--ast-global-color-5)","background-image":"","background-repeat":"repeat","background-position":"center center","background-size":"auto","background-attachment":"scroll","background-type":"","background-media":"","overlay-type":"","overlay-color":"","overlay-opacity":"","overlay-gradient":""}},"footnotes":""},"categories":[1],"tags":[],"class_list":["post-9375","post","type-post","status-publish","format-standard","has-post-thumbnail","hentry","category-experiencias"],"yoast_head":"<!-- This site is optimized with the Yoast SEO plugin v26.7 - https:\/\/yoast.com\/wordpress\/plugins\/seo\/ -->\n<title>Mi experiencia en un campamento de verano en Marbella<\/title>\n<meta name=\"description\" content=\"En esta ocasi\u00f3n os cuento mi experiencia personal en un campamento de verano en Marbella. Los momentos que viv\u00ed y las actividades que realic\u00e9.\" \/>\n<meta name=\"robots\" content=\"index, follow, max-snippet:-1, max-image-preview:large, max-video-preview:-1\" \/>\n<link rel=\"canonical\" href=\"https:\/\/www.campamentum.com\/blog\/campamento-en-marbella\/\" \/>\n<meta property=\"og:locale\" content=\"es_ES\" \/>\n<meta property=\"og:type\" content=\"article\" \/>\n<meta property=\"og:title\" content=\"Mi experiencia en un campamento de verano en Marbella\" \/>\n<meta property=\"og:description\" content=\"En esta ocasi\u00f3n os cuento mi experiencia personal en un campamento de verano en Marbella. Los momentos que viv\u00ed y las actividades que realic\u00e9.\" \/>\n<meta property=\"og:url\" content=\"https:\/\/www.campamentum.com\/blog\/campamento-en-marbella\/\" \/>\n<meta property=\"og:site_name\" content=\"El Blog de los campamentos de verano - Campamentum\" \/>\n<meta property=\"article:publisher\" content=\"https:\/\/www.facebook.com\/campamentum\" \/>\n<meta property=\"article:published_time\" content=\"2017-02-09T09:00:22+00:00\" \/>\n<meta property=\"article:modified_time\" content=\"2018-12-13T11:39:55+00:00\" \/>\n<meta property=\"og:image\" content=\"https:\/\/www.campamentum.com\/blog\/wp-content\/uploads\/2017\/02\/campamento-verano-marbella.jpg\" \/>\n\t<meta property=\"og:image:width\" content=\"750\" \/>\n\t<meta property=\"og:image:height\" content=\"350\" \/>\n\t<meta property=\"og:image:type\" content=\"image\/jpeg\" \/>\n<meta name=\"author\" content=\"Campamentum\" \/>\n<meta name=\"twitter:card\" content=\"summary_large_image\" \/>\n<meta name=\"twitter:creator\" content=\"@Campamentum\" \/>\n<meta name=\"twitter:site\" content=\"@Campamentum\" \/>\n<meta name=\"twitter:label1\" content=\"Escrito por\" \/>\n\t<meta name=\"twitter:data1\" content=\"Campamentum\" \/>\n\t<meta name=\"twitter:label2\" content=\"Tiempo de lectura\" \/>\n\t<meta name=\"twitter:data2\" content=\"4 minutos\" \/>\n<script type=\"application\/ld+json\" class=\"yoast-schema-graph\">{\"@context\":\"https:\/\/schema.org\",\"@graph\":[{\"@type\":\"Article\",\"@id\":\"https:\/\/www.campamentum.com\/blog\/campamento-en-marbella\/#article\",\"isPartOf\":{\"@id\":\"https:\/\/www.campamentum.com\/blog\/campamento-en-marbella\/\"},\"author\":{\"name\":\"Campamentum\",\"@id\":\"https:\/\/www.campamentum.com\/blog\/#\/schema\/person\/3a6a118d1c47fc58ebf0b288e015f948\"},\"headline\":\"Mi campamento de verano en Marbella\",\"datePublished\":\"2017-02-09T09:00:22+00:00\",\"dateModified\":\"2018-12-13T11:39:55+00:00\",\"mainEntityOfPage\":{\"@id\":\"https:\/\/www.campamentum.com\/blog\/campamento-en-marbella\/\"},\"wordCount\":817,\"commentCount\":0,\"publisher\":{\"@id\":\"https:\/\/www.campamentum.com\/blog\/#organization\"},\"image\":{\"@id\":\"https:\/\/www.campamentum.com\/blog\/campamento-en-marbella\/#primaryimage\"},\"thumbnailUrl\":\"https:\/\/www.campamentum.com\/blog\/wp-content\/uploads\/2017\/02\/campamento-verano-marbella.jpg\",\"articleSection\":[\"Experiencias\"],\"inLanguage\":\"es\",\"potentialAction\":[{\"@type\":\"CommentAction\",\"name\":\"Comment\",\"target\":[\"https:\/\/www.campamentum.com\/blog\/campamento-en-marbella\/#respond\"]}]},{\"@type\":\"WebPage\",\"@id\":\"https:\/\/www.campamentum.com\/blog\/campamento-en-marbella\/\",\"url\":\"https:\/\/www.campamentum.com\/blog\/campamento-en-marbella\/\",\"name\":\"Mi experiencia en un campamento de verano en Marbella\",\"isPartOf\":{\"@id\":\"https:\/\/www.campamentum.com\/blog\/#website\"},\"primaryImageOfPage\":{\"@id\":\"https:\/\/www.campamentum.com\/blog\/campamento-en-marbella\/#primaryimage\"},\"image\":{\"@id\":\"https:\/\/www.campamentum.com\/blog\/campamento-en-marbella\/#primaryimage\"},\"thumbnailUrl\":\"https:\/\/www.campamentum.com\/blog\/wp-content\/uploads\/2017\/02\/campamento-verano-marbella.jpg\",\"datePublished\":\"2017-02-09T09:00:22+00:00\",\"dateModified\":\"2018-12-13T11:39:55+00:00\",\"description\":\"En esta ocasi\u00f3n os cuento mi experiencia personal en un campamento de verano en Marbella. Los momentos que viv\u00ed y las actividades que realic\u00e9.\",\"breadcrumb\":{\"@id\":\"https:\/\/www.campamentum.com\/blog\/campamento-en-marbella\/#breadcrumb\"},\"inLanguage\":\"es\",\"potentialAction\":[{\"@type\":\"ReadAction\",\"target\":[\"https:\/\/www.campamentum.com\/blog\/campamento-en-marbella\/\"]}]},{\"@type\":\"ImageObject\",\"inLanguage\":\"es\",\"@id\":\"https:\/\/www.campamentum.com\/blog\/campamento-en-marbella\/#primaryimage\",\"url\":\"https:\/\/www.campamentum.com\/blog\/wp-content\/uploads\/2017\/02\/campamento-verano-marbella.jpg\",\"contentUrl\":\"https:\/\/www.campamentum.com\/blog\/wp-content\/uploads\/2017\/02\/campamento-verano-marbella.jpg\",\"width\":750,\"height\":350,\"caption\":\"Campamentos en Marbella\"},{\"@type\":\"BreadcrumbList\",\"@id\":\"https:\/\/www.campamentum.com\/blog\/campamento-en-marbella\/#breadcrumb\",\"itemListElement\":[{\"@type\":\"ListItem\",\"position\":1,\"name\":\"blog\",\"item\":\"https:\/\/www.campamentum.com\/blog\/\"},{\"@type\":\"ListItem\",\"position\":2,\"name\":\"Experiencias\",\"item\":\"https:\/\/www.campamentum.com\/blog\/experiencias\/\"},{\"@type\":\"ListItem\",\"position\":3,\"name\":\"Mi campamento de verano en Marbella\"}]},{\"@type\":\"WebSite\",\"@id\":\"https:\/\/www.campamentum.com\/blog\/#website\",\"url\":\"https:\/\/www.campamentum.com\/blog\/\",\"name\":\"El Blog de los campamentos de verano - Campamentum\",\"description\":\"Noticias, Curiosidades, consejos y mucho m\u00e1s en el blog de los campamentos de verano de Campamentum\",\"publisher\":{\"@id\":\"https:\/\/www.campamentum.com\/blog\/#organization\"},\"potentialAction\":[{\"@type\":\"SearchAction\",\"target\":{\"@type\":\"EntryPoint\",\"urlTemplate\":\"https:\/\/www.campamentum.com\/blog\/?s={search_term_string}\"},\"query-input\":{\"@type\":\"PropertyValueSpecification\",\"valueRequired\":true,\"valueName\":\"search_term_string\"}}],\"inLanguage\":\"es\"},{\"@type\":\"Organization\",\"@id\":\"https:\/\/www.campamentum.com\/blog\/#organization\",\"name\":\"Campamentum\",\"url\":\"https:\/\/www.campamentum.com\/blog\/\",\"logo\":{\"@type\":\"ImageObject\",\"inLanguage\":\"es\",\"@id\":\"https:\/\/www.campamentum.com\/blog\/#\/schema\/logo\/image\/\",\"url\":\"https:\/\/www.campamentum.com\/blog\/wp-content\/uploads\/2015\/10\/campamentum-blog-logo.png\",\"contentUrl\":\"https:\/\/www.campamentum.com\/blog\/wp-content\/uploads\/2015\/10\/campamentum-blog-logo.png\",\"width\":252,\"height\":48,\"caption\":\"Campamentum\"},\"image\":{\"@id\":\"https:\/\/www.campamentum.com\/blog\/#\/schema\/logo\/image\/\"},\"sameAs\":[\"https:\/\/www.facebook.com\/campamentum\",\"https:\/\/x.com\/Campamentum\"]},{\"@type\":\"Person\",\"@id\":\"https:\/\/www.campamentum.com\/blog\/#\/schema\/person\/3a6a118d1c47fc58ebf0b288e015f948\",\"name\":\"Campamentum\",\"image\":{\"@type\":\"ImageObject\",\"inLanguage\":\"es\",\"@id\":\"https:\/\/www.campamentum.com\/blog\/#\/schema\/person\/image\/\",\"url\":\"https:\/\/secure.gravatar.com\/avatar\/e5c84880edb6f273c30d62357d2f744f2323f363a4be3f016c1f6785f2a5edbe?s=96&d=mm&r=g\",\"contentUrl\":\"https:\/\/secure.gravatar.com\/avatar\/e5c84880edb6f273c30d62357d2f744f2323f363a4be3f016c1f6785f2a5edbe?s=96&d=mm&r=g\",\"caption\":\"Campamentum\"}}]}<\/script>\n<!-- \/ Yoast SEO plugin. -->","yoast_head_json":{"title":"Mi experiencia en un campamento de verano en Marbella","description":"En esta ocasi\u00f3n os cuento mi experiencia personal en un campamento de verano en Marbella. Los momentos que viv\u00ed y las actividades que realic\u00e9.","robots":{"index":"index","follow":"follow","max-snippet":"max-snippet:-1","max-image-preview":"max-image-preview:large","max-video-preview":"max-video-preview:-1"},"canonical":"https:\/\/www.campamentum.com\/blog\/campamento-en-marbella\/","og_locale":"es_ES","og_type":"article","og_title":"Mi experiencia en un campamento de verano en Marbella","og_description":"En esta ocasi\u00f3n os cuento mi experiencia personal en un campamento de verano en Marbella. Los momentos que viv\u00ed y las actividades que realic\u00e9.","og_url":"https:\/\/www.campamentum.com\/blog\/campamento-en-marbella\/","og_site_name":"El Blog de los campamentos de verano - Campamentum","article_publisher":"https:\/\/www.facebook.com\/campamentum","article_published_time":"2017-02-09T09:00:22+00:00","article_modified_time":"2018-12-13T11:39:55+00:00","og_image":[{"width":750,"height":350,"url":"https:\/\/www.campamentum.com\/blog\/wp-content\/uploads\/2017\/02\/campamento-verano-marbella.jpg","type":"image\/jpeg"}],"author":"Campamentum","twitter_card":"summary_large_image","twitter_creator":"@Campamentum","twitter_site":"@Campamentum","twitter_misc":{"Escrito por":"Campamentum","Tiempo de lectura":"4 minutos"},"schema":{"@context":"https:\/\/schema.org","@graph":[{"@type":"Article","@id":"https:\/\/www.campamentum.com\/blog\/campamento-en-marbella\/#article","isPartOf":{"@id":"https:\/\/www.campamentum.com\/blog\/campamento-en-marbella\/"},"author":{"name":"Campamentum","@id":"https:\/\/www.campamentum.com\/blog\/#\/schema\/person\/3a6a118d1c47fc58ebf0b288e015f948"},"headline":"Mi campamento de verano en Marbella","datePublished":"2017-02-09T09:00:22+00:00","dateModified":"2018-12-13T11:39:55+00:00","mainEntityOfPage":{"@id":"https:\/\/www.campamentum.com\/blog\/campamento-en-marbella\/"},"wordCount":817,"commentCount":0,"publisher":{"@id":"https:\/\/www.campamentum.com\/blog\/#organization"},"image":{"@id":"https:\/\/www.campamentum.com\/blog\/campamento-en-marbella\/#primaryimage"},"thumbnailUrl":"https:\/\/www.campamentum.com\/blog\/wp-content\/uploads\/2017\/02\/campamento-verano-marbella.jpg","articleSection":["Experiencias"],"inLanguage":"es","potentialAction":[{"@type":"CommentAction","name":"Comment","target":["https:\/\/www.campamentum.com\/blog\/campamento-en-marbella\/#respond"]}]},{"@type":"WebPage","@id":"https:\/\/www.campamentum.com\/blog\/campamento-en-marbella\/","url":"https:\/\/www.campamentum.com\/blog\/campamento-en-marbella\/","name":"Mi experiencia en un campamento de verano en Marbella","isPartOf":{"@id":"https:\/\/www.campamentum.com\/blog\/#website"},"primaryImageOfPage":{"@id":"https:\/\/www.campamentum.com\/blog\/campamento-en-marbella\/#primaryimage"},"image":{"@id":"https:\/\/www.campamentum.com\/blog\/campamento-en-marbella\/#primaryimage"},"thumbnailUrl":"https:\/\/www.campamentum.com\/blog\/wp-content\/uploads\/2017\/02\/campamento-verano-marbella.jpg","datePublished":"2017-02-09T09:00:22+00:00","dateModified":"2018-12-13T11:39:55+00:00","description":"En esta ocasi\u00f3n os cuento mi experiencia personal en un campamento de verano en Marbella. Los momentos que viv\u00ed y las actividades que realic\u00e9.","breadcrumb":{"@id":"https:\/\/www.campamentum.com\/blog\/campamento-en-marbella\/#breadcrumb"},"inLanguage":"es","potentialAction":[{"@type":"ReadAction","target":["https:\/\/www.campamentum.com\/blog\/campamento-en-marbella\/"]}]},{"@type":"ImageObject","inLanguage":"es","@id":"https:\/\/www.campamentum.com\/blog\/campamento-en-marbella\/#primaryimage","url":"https:\/\/www.campamentum.com\/blog\/wp-content\/uploads\/2017\/02\/campamento-verano-marbella.jpg","contentUrl":"https:\/\/www.campamentum.com\/blog\/wp-content\/uploads\/2017\/02\/campamento-verano-marbella.jpg","width":750,"height":350,"caption":"Campamentos en Marbella"},{"@type":"BreadcrumbList","@id":"https:\/\/www.campamentum.com\/blog\/campamento-en-marbella\/#breadcrumb","itemListElement":[{"@type":"ListItem","position":1,"name":"blog","item":"https:\/\/www.campamentum.com\/blog\/"},{"@type":"ListItem","position":2,"name":"Experiencias","item":"https:\/\/www.campamentum.com\/blog\/experiencias\/"},{"@type":"ListItem","position":3,"name":"Mi campamento de verano en Marbella"}]},{"@type":"WebSite","@id":"https:\/\/www.campamentum.com\/blog\/#website","url":"https:\/\/www.campamentum.com\/blog\/","name":"El Blog de los campamentos de verano - Campamentum","description":"Noticias, Curiosidades, consejos y mucho m\u00e1s en el blog de los campamentos de verano de Campamentum","publisher":{"@id":"https:\/\/www.campamentum.com\/blog\/#organization"},"potentialAction":[{"@type":"SearchAction","target":{"@type":"EntryPoint","urlTemplate":"https:\/\/www.campamentum.com\/blog\/?s={search_term_string}"},"query-input":{"@type":"PropertyValueSpecification","valueRequired":true,"valueName":"search_term_string"}}],"inLanguage":"es"},{"@type":"Organization","@id":"https:\/\/www.campamentum.com\/blog\/#organization","name":"Campamentum","url":"https:\/\/www.campamentum.com\/blog\/","logo":{"@type":"ImageObject","inLanguage":"es","@id":"https:\/\/www.campamentum.com\/blog\/#\/schema\/logo\/image\/","url":"https:\/\/www.campamentum.com\/blog\/wp-content\/uploads\/2015\/10\/campamentum-blog-logo.png","contentUrl":"https:\/\/www.campamentum.com\/blog\/wp-content\/uploads\/2015\/10\/campamentum-blog-logo.png","width":252,"height":48,"caption":"Campamentum"},"image":{"@id":"https:\/\/www.campamentum.com\/blog\/#\/schema\/logo\/image\/"},"sameAs":["https:\/\/www.facebook.com\/campamentum","https:\/\/x.com\/Campamentum"]},{"@type":"Person","@id":"https:\/\/www.campamentum.com\/blog\/#\/schema\/person\/3a6a118d1c47fc58ebf0b288e015f948","name":"Campamentum","image":{"@type":"ImageObject","inLanguage":"es","@id":"https:\/\/www.campamentum.com\/blog\/#\/schema\/person\/image\/","url":"https:\/\/secure.gravatar.com\/avatar\/e5c84880edb6f273c30d62357d2f744f2323f363a4be3f016c1f6785f2a5edbe?s=96&d=mm&r=g","contentUrl":"https:\/\/secure.gravatar.com\/avatar\/e5c84880edb6f273c30d62357d2f744f2323f363a4be3f016c1f6785f2a5edbe?s=96&d=mm&r=g","caption":"Campamentum"}}]}},"_links":{"self":[{"href":"https:\/\/www.campamentum.com\/blog\/wp-json\/wp\/v2\/posts\/9375","targetHints":{"allow":["GET"]}}],"collection":[{"href":"https:\/\/www.campamentum.com\/blog\/wp-json\/wp\/v2\/posts"}],"about":[{"href":"https:\/\/www.campamentum.com\/blog\/wp-json\/wp\/v2\/types\/post"}],"author":[{"embeddable":true,"href":"https:\/\/www.campamentum.com\/blog\/wp-json\/wp\/v2\/users\/1"}],"replies":[{"embeddable":true,"href":"https:\/\/www.campamentum.com\/blog\/wp-json\/wp\/v2\/comments?post=9375"}],"version-history":[{"count":4,"href":"https:\/\/www.campamentum.com\/blog\/wp-json\/wp\/v2\/posts\/9375\/revisions"}],"predecessor-version":[{"id":9729,"href":"https:\/\/www.campamentum.com\/blog\/wp-json\/wp\/v2\/posts\/9375\/revisions\/9729"}],"wp:featuredmedia":[{"embeddable":true,"href":"https:\/\/www.campamentum.com\/blog\/wp-json\/wp\/v2\/media\/9376"}],"wp:attachment":[{"href":"https:\/\/www.campamentum.com\/blog\/wp-json\/wp\/v2\/media?parent=9375"}],"wp:term":[{"taxonomy":"category","embeddable":true,"href":"https:\/\/www.campamentum.com\/blog\/wp-json\/wp\/v2\/categories?post=9375"},{"taxonomy":"post_tag","embeddable":true,"href":"https:\/\/www.campamentum.com\/blog\/wp-json\/wp\/v2\/tags?post=9375"}],"curies":[{"name":"wp","href":"https:\/\/api.w.org\/{rel}","templated":true}]}}