{"id":9379,"date":"2017-02-16T10:00:42","date_gmt":"2017-02-16T09:00:42","guid":{"rendered":"http:\/\/www.campamentum.com\/blog\/?p=9379"},"modified":"2020-01-22T15:50:38","modified_gmt":"2020-01-22T14:50:38","slug":"primer-campamento-rascafria","status":"publish","type":"post","link":"https:\/\/www.campamentum.com\/blog\/primer-campamento-rascafria\/","title":{"rendered":"Mi primer campamento: Rascafr\u00eda"},"content":{"rendered":"<div class=\"d7674e24c07d6f3f3f96bf009318d221\" data-index=\"1\" style=\"float: none; margin:10px 0 10px 0; text-align:center;\">\n<script async src=\"\/\/pagead2.googlesyndication.com\/pagead\/js\/adsbygoogle.js\"><\/script>\r\n<!-- blog-300x250 -->\r\n<ins class=\"adsbygoogle\"\r\n     style=\"display:inline-block;width:300px;height:250px\"\r\n     data-ad-client=\"ca-pub-5066720444154486\"\r\n     data-ad-slot=\"7632222965\"><\/ins>\r\n<script>\r\n(adsbygoogle = window.adsbygoogle || []).push({});\r\n<\/script>\n<\/div>\n<p>Recuerdo con mucho cari\u00f1o el primer campamento de verano al que me llevaron mis padres cuando ten\u00eda 11 a\u00f1os. Fue en <strong>Rascafr\u00eda, un pueblecito de la Sierra de Guadarrama<\/strong>, muy cercano al supertur\u00edstico monasterio del Paular. En las afueras del pueblo, justo enfrente del monasterio, hay unas instalaciones muy aparentes, distribuidas a partes iguales para un albergue juvenil y para una residencia. Es en esta \u00faltima ala, donde en verano se organizan campamentos y donde por primera vez en mi vida pas\u00e9 las vacaciones fuera de casa \u00a1y sin mis padres!<\/p>\n<p><a class=\"btn btn-verde btnPortada\" href=\"\/campamentos\/en-madrid\/\">Los mejores campamentos de verano en Madrid<\/a><\/p>\n<p>Cuando me llev\u00f3 mi madre al campamento el d\u00eda de la llegada, ciertamente cre\u00eda que me estaba abandonando. \u00a1Qu\u00e9 mal trago! Yo no era precisamente el m\u00e1s popular del colegio y no estaba acostumbrado a convivir con tantos ni\u00f1os durante dos semanas enteras. El caso es que cuando los padres se marcharon, los monitores nos separaron en varios grupos, dividiendo a ni\u00f1os y ni\u00f1as por edades, y distribuy\u00e9ndonos por orden alfab\u00e9tico en unos enormes dormitorios, donde por lo menos nos aloj\u00e1bamos unos 50 ni\u00f1os en cada uno. <strong>Nunca hab\u00eda dormido en una litera<\/strong>, as\u00ed que me hizo mucha ilusi\u00f3n que me tocara la parte de arriba. Mi compa\u00f1ero de abajo no recuerdo c\u00f3mo se llamaba, pero parec\u00eda tan asustado como yo, as\u00ed que no tardamos en hacernos amigos. Seg\u00fan nos explic\u00f3 Juancho, el monitor (de \u00e9l si recuerdo el nombre), durante las pr\u00f3ximas dos semanas tendr\u00edamos que ser u\u00f1a y carne con nuestro compa\u00f1ero de litera, casi como dos hermanos de sangre. Hab\u00eda que velar el uno por el otro y ayudarnos en todo lo que pudi\u00e9ramos. El primer d\u00eda lo termin\u00e9 de pasar colocando la ropa en mi taquilla, llevando los colchones a las literas y haci\u00e9ndome la cama. \u00a1Qu\u00e9 dif\u00edcil es hacer la cama en una litera!<\/p>\n<p>El segundo d\u00eda comenzaron las actividades, que cada ma\u00f1ana colgaban en un tabl\u00f3n a la puerta de cada dormitorio. La jornada comenzaba a las 9, cuando nos obligaban a pasar primero por la ducha y la verdad es que al principio me daba mucha verg\u00fcenza, porque nunca me hab\u00eda duchado fuera de casa. Despu\u00e9s el desayuno, que era como a m\u00ed me gustaba, con un gran vaso de colacao con galletas, que siempre me sab\u00edan a poco. Y luego, a eso de las 10 ten\u00edamos dos horas de <a title=\"campamentos de ingl\u00e9s\" href=\"\/campamentos\/idioma-ingles\/\">clase de ingl\u00e9s<\/a> y de conocimiento del medio. <strong>Te explicaban muchas cosas que en el colegio nunca te ense\u00f1an<\/strong>: c\u00f3mo reconocer los \u00e1rboles, c\u00f3mo diferenciar las pisadas de los animales, c\u00f3mo hacer nudos y ese tipo de cosas. A las 12 nos daban un bocadillo y un zumo y despu\u00e9s ten\u00edamos otras dos horas de juegos en los que me hice superamigo de mi equipo de \u00absioux\u00bb. Y es que cada dormitorio pertenec\u00edamos a una tribu india. La segunda noche incluso nos bautizaron en una ceremonia alrededor de una hoguera, y me entregaron un amuleto, en el que desde entonces luzco con orgullo mi segundo nombre: \u00abviento del norte\u00bb. El caso es que los sioux \u00e9ramos unos cracks y en casi todos los juegos de equipo sol\u00edamos ganar. Acab\u00e1bamos tan cansados, que est\u00e1bamos deseando que llegaran las 14,30 para que nos dieran el \u00abrancho\u00bb. Dicho as\u00ed parece peor de lo que era, pero no, resulta que se com\u00eda muy bien, y adem\u00e1s si te quedabas con hambre pod\u00edas repetir. Como \u00e9ramos unos dormilones, despu\u00e9s de la comida ten\u00edamos hora y media de silencio para que quien quisiera se echara la siesta.<\/p><div class=\"d7674e24c07d6f3f3f96bf009318d221\" data-index=\"1\" style=\"float: none; margin:10px 0 10px 0; text-align:center;\">\n<script async src=\"\/\/pagead2.googlesyndication.com\/pagead\/js\/adsbygoogle.js\"><\/script>\r\n<!-- blog-300x250 -->\r\n<ins class=\"adsbygoogle\"\r\n     style=\"display:inline-block;width:300px;height:250px\"\r\n     data-ad-client=\"ca-pub-5066720444154486\"\r\n     data-ad-slot=\"7632222965\"><\/ins>\r\n<script>\r\n(adsbygoogle = window.adsbygoogle || []).push({});\r\n<\/script>\n<\/div>\n\n<h2>Un sinf\u00edn de actividades<\/h2>\n<p>Juancho nos despertaba otra vez a las cinco, para las dos horas vespertinas de clase. M\u00e1s ingl\u00e9s (\u00a1qu\u00e9 rollo!) y trabajos manuales, \u00a1qu\u00e9 divertido! Aprend\u00ed a hacer mogoll\u00f3n de cosas, desde figuras alucinantes con simples palillos, hasta jarrones de cer\u00e1mica y castillos de madera. Luego ven\u00eda el teatro, ya que ten\u00edamos que preparar una obra para el d\u00eda de la despedida, cuando estar\u00edan presentes todos los padres para descubrir los listos que eran sus ni\u00f1os. Despu\u00e9s nos daban otro bocata y a continuaci\u00f3n ten\u00edamos alguna excursi\u00f3n, donde descubr\u00edamos los \u00e1rboles que hab\u00edamos aprendido por la ma\u00f1ana o nos ense\u00f1aban a disparar con arco. Un d\u00eda nos ense\u00f1aron a guiarnos por el monte y otro incluso instalaron una tirolina. Cuando regres\u00e1bamos a la residencia \u00edbamos derechitos a cenar y despu\u00e9s sol\u00edan montar alguna hoguera para hacer m\u00e1s juegos, hasta que a eso de las 11 estaba tan cansado que sol\u00eda irme de los primeros a dormir. Recuerdo que una noche, cuando ya est\u00e1bamos todos dormidos, <strong>Juancho entr\u00f3 corriendo a la habitaci\u00f3n gritando \u00a1gammusinos!<\/strong>. Yo no sab\u00eda qu\u00e9 pasaba ni que eran los gammusinos, pero encendieron todas las luces y nos dijeron que en cinco minutos ten\u00edamos que estar vestidos en el patio y cada uno con su linterna. Como cre\u00edamos que era una broma, al principio no le hicimos caso, as\u00ed que tuvo que volver para decirnos que nadie se pod\u00eda quedar en la residencia. Pues ala, en plena noche y todo el grupo paseando por el monte buscando gammusinos, que seg\u00fan nos dec\u00edan eran unos animalejos con muchos dientes. Mi compi dec\u00eda que eso era una tonter\u00eda, que un primo suyo tambi\u00e9n hab\u00eda ido de campamento y lo de los gammusinos lo dec\u00edan para meternos miedo. Pero entonces apareci\u00f3 gritando un monitor de otro dormitorio, que dec\u00eda que le hab\u00edan mordido y la verdad es que ten\u00eda sangre y una mordedura en el cuello. Las ni\u00f1as del grupo de al lado comenzaron a correr hacia la residencia y los sioux nos part\u00edamos de risa por una mordedura tan mal pintada.<\/p>\n<p>Pues as\u00ed se me pasaron las dos semanas volando. El d\u00eda de la clausura ten\u00edamos la obra de teatro tan bien ensayada, que est\u00e1bamos deseando que llegaran los padres s\u00f3lo para lucirnos. La verdad es que me hubiera quedado encantado otras dos semanas m\u00e1s y llor\u00e9 mucho cuando me separ\u00e9 de mi tribu. \u00a1Ojal\u00e1 pudiera repetir campamento y vivir de nuevo como un sioux!<\/p>\n<!--CusAds0-->\n<div style=\"font-size: 0px; height: 0px; line-height: 0px; margin: 0; padding: 0; clear: both;\"><\/div>","protected":false},"excerpt":{"rendered":"<p>Recuerdo con mucho cari\u00f1o el primer campamento de verano al que me llevaron mis padres cuando ten\u00eda 11 a\u00f1os. Fue en Rascafr\u00eda, un pueblecito de la Sierra de Guadarrama, muy cercano al supertur\u00edstico monasterio del Paular. En las afueras del pueblo, justo enfrente del monasterio, hay unas instalaciones muy aparentes, distribuidas a partes iguales para [&hellip;]<\/p>\n","protected":false},"author":1,"featured_media":9380,"comment_status":"open","ping_status":"open","sticky":false,"template":"","format":"standard","meta":{"site-sidebar-layout":"default","site-content-layout":"","ast-site-content-layout":"default","site-content-style":"default","site-sidebar-style":"default","ast-global-header-display":"","ast-banner-title-visibility":"","ast-main-header-display":"","ast-hfb-above-header-display":"","ast-hfb-below-header-display":"","ast-hfb-mobile-header-display":"","site-post-title":"","ast-breadcrumbs-content":"","ast-featured-img":"","footer-sml-layout":"","ast-disable-related-posts":"","theme-transparent-header-meta":"","adv-header-id-meta":"","stick-header-meta":"","header-above-stick-meta":"","header-main-stick-meta":"","header-below-stick-meta":"","astra-migrate-meta-layouts":"default","ast-page-background-enabled":"default","ast-page-background-meta":{"desktop":{"background-color":"","background-image":"","background-repeat":"repeat","background-position":"center center","background-size":"auto","background-attachment":"scroll","background-type":"","background-media":"","overlay-type":"","overlay-color":"","overlay-opacity":"","overlay-gradient":""},"tablet":{"background-color":"","background-image":"","background-repeat":"repeat","background-position":"center center","background-size":"auto","background-attachment":"scroll","background-type":"","background-media":"","overlay-type":"","overlay-color":"","overlay-opacity":"","overlay-gradient":""},"mobile":{"background-color":"","background-image":"","background-repeat":"repeat","background-position":"center center","background-size":"auto","background-attachment":"scroll","background-type":"","background-media":"","overlay-type":"","overlay-color":"","overlay-opacity":"","overlay-gradient":""}},"ast-content-background-meta":{"desktop":{"background-color":"var(--ast-global-color-5)","background-image":"","background-repeat":"repeat","background-position":"center center","background-size":"auto","background-attachment":"scroll","background-type":"","background-media":"","overlay-type":"","overlay-color":"","overlay-opacity":"","overlay-gradient":""},"tablet":{"background-color":"var(--ast-global-color-5)","background-image":"","background-repeat":"repeat","background-position":"center center","background-size":"auto","background-attachment":"scroll","background-type":"","background-media":"","overlay-type":"","overlay-color":"","overlay-opacity":"","overlay-gradient":""},"mobile":{"background-color":"var(--ast-global-color-5)","background-image":"","background-repeat":"repeat","background-position":"center center","background-size":"auto","background-attachment":"scroll","background-type":"","background-media":"","overlay-type":"","overlay-color":"","overlay-opacity":"","overlay-gradient":""}},"footnotes":""},"categories":[1],"tags":[],"class_list":["post-9379","post","type-post","status-publish","format-standard","has-post-thumbnail","hentry","category-experiencias"],"yoast_head":"<!-- This site is optimized with the Yoast SEO plugin v26.7 - https:\/\/yoast.com\/wordpress\/plugins\/seo\/ -->\n<title>Recuerdos de Mi Primer Campamento en Rascafr\u00eda<\/title>\n<meta name=\"description\" content=\"Recuerdos con cari\u00f1o del primer campamento al que me llevaron mis padres con 11 a\u00f1os. Fue en Rascafr\u00eda, un pueblecito de la Sierra de Guadarrama.\" \/>\n<meta name=\"robots\" content=\"index, follow, max-snippet:-1, max-image-preview:large, max-video-preview:-1\" \/>\n<link rel=\"canonical\" href=\"https:\/\/www.campamentum.com\/blog\/primer-campamento-rascafria\/\" \/>\n<meta property=\"og:locale\" content=\"es_ES\" \/>\n<meta property=\"og:type\" content=\"article\" \/>\n<meta property=\"og:title\" content=\"Recuerdos de Mi Primer Campamento en Rascafr\u00eda\" \/>\n<meta property=\"og:description\" content=\"Recuerdos con cari\u00f1o del primer campamento al que me llevaron mis padres con 11 a\u00f1os. Fue en Rascafr\u00eda, un pueblecito de la Sierra de Guadarrama.\" \/>\n<meta property=\"og:url\" content=\"https:\/\/www.campamentum.com\/blog\/primer-campamento-rascafria\/\" \/>\n<meta property=\"og:site_name\" content=\"El Blog de los campamentos de verano - Campamentum\" \/>\n<meta property=\"article:publisher\" content=\"https:\/\/www.facebook.com\/campamentum\" \/>\n<meta property=\"article:published_time\" content=\"2017-02-16T09:00:42+00:00\" \/>\n<meta property=\"article:modified_time\" content=\"2020-01-22T14:50:38+00:00\" \/>\n<meta property=\"og:image\" content=\"https:\/\/www.campamentum.com\/blog\/wp-content\/uploads\/2017\/02\/campamento-verano-rascafria.jpg\" \/>\n\t<meta property=\"og:image:width\" content=\"750\" \/>\n\t<meta property=\"og:image:height\" content=\"350\" \/>\n\t<meta property=\"og:image:type\" content=\"image\/jpeg\" \/>\n<meta name=\"author\" content=\"Campamentum\" \/>\n<meta name=\"twitter:card\" content=\"summary_large_image\" \/>\n<meta name=\"twitter:creator\" content=\"@Campamentum\" \/>\n<meta name=\"twitter:site\" content=\"@Campamentum\" \/>\n<meta name=\"twitter:label1\" content=\"Escrito por\" \/>\n\t<meta name=\"twitter:data1\" content=\"Campamentum\" \/>\n\t<meta name=\"twitter:label2\" content=\"Tiempo de lectura\" \/>\n\t<meta name=\"twitter:data2\" content=\"5 minutos\" \/>\n<script type=\"application\/ld+json\" class=\"yoast-schema-graph\">{\"@context\":\"https:\/\/schema.org\",\"@graph\":[{\"@type\":\"Article\",\"@id\":\"https:\/\/www.campamentum.com\/blog\/primer-campamento-rascafria\/#article\",\"isPartOf\":{\"@id\":\"https:\/\/www.campamentum.com\/blog\/primer-campamento-rascafria\/\"},\"author\":{\"name\":\"Campamentum\",\"@id\":\"https:\/\/www.campamentum.com\/blog\/#\/schema\/person\/3a6a118d1c47fc58ebf0b288e015f948\"},\"headline\":\"Mi primer campamento: Rascafr\u00eda\",\"datePublished\":\"2017-02-16T09:00:42+00:00\",\"dateModified\":\"2020-01-22T14:50:38+00:00\",\"mainEntityOfPage\":{\"@id\":\"https:\/\/www.campamentum.com\/blog\/primer-campamento-rascafria\/\"},\"wordCount\":1094,\"commentCount\":0,\"publisher\":{\"@id\":\"https:\/\/www.campamentum.com\/blog\/#organization\"},\"image\":{\"@id\":\"https:\/\/www.campamentum.com\/blog\/primer-campamento-rascafria\/#primaryimage\"},\"thumbnailUrl\":\"https:\/\/www.campamentum.com\/blog\/wp-content\/uploads\/2017\/02\/campamento-verano-rascafria.jpg\",\"articleSection\":[\"Experiencias\"],\"inLanguage\":\"es\",\"potentialAction\":[{\"@type\":\"CommentAction\",\"name\":\"Comment\",\"target\":[\"https:\/\/www.campamentum.com\/blog\/primer-campamento-rascafria\/#respond\"]}]},{\"@type\":\"WebPage\",\"@id\":\"https:\/\/www.campamentum.com\/blog\/primer-campamento-rascafria\/\",\"url\":\"https:\/\/www.campamentum.com\/blog\/primer-campamento-rascafria\/\",\"name\":\"Recuerdos de Mi Primer Campamento en Rascafr\u00eda\",\"isPartOf\":{\"@id\":\"https:\/\/www.campamentum.com\/blog\/#website\"},\"primaryImageOfPage\":{\"@id\":\"https:\/\/www.campamentum.com\/blog\/primer-campamento-rascafria\/#primaryimage\"},\"image\":{\"@id\":\"https:\/\/www.campamentum.com\/blog\/primer-campamento-rascafria\/#primaryimage\"},\"thumbnailUrl\":\"https:\/\/www.campamentum.com\/blog\/wp-content\/uploads\/2017\/02\/campamento-verano-rascafria.jpg\",\"datePublished\":\"2017-02-16T09:00:42+00:00\",\"dateModified\":\"2020-01-22T14:50:38+00:00\",\"description\":\"Recuerdos con cari\u00f1o del primer campamento al que me llevaron mis padres con 11 a\u00f1os. Fue en Rascafr\u00eda, un pueblecito de la Sierra de Guadarrama.\",\"breadcrumb\":{\"@id\":\"https:\/\/www.campamentum.com\/blog\/primer-campamento-rascafria\/#breadcrumb\"},\"inLanguage\":\"es\",\"potentialAction\":[{\"@type\":\"ReadAction\",\"target\":[\"https:\/\/www.campamentum.com\/blog\/primer-campamento-rascafria\/\"]}]},{\"@type\":\"ImageObject\",\"inLanguage\":\"es\",\"@id\":\"https:\/\/www.campamentum.com\/blog\/primer-campamento-rascafria\/#primaryimage\",\"url\":\"https:\/\/www.campamentum.com\/blog\/wp-content\/uploads\/2017\/02\/campamento-verano-rascafria.jpg\",\"contentUrl\":\"https:\/\/www.campamentum.com\/blog\/wp-content\/uploads\/2017\/02\/campamento-verano-rascafria.jpg\",\"width\":750,\"height\":350,\"caption\":\"campamentos en Rascafr\u00eda\"},{\"@type\":\"BreadcrumbList\",\"@id\":\"https:\/\/www.campamentum.com\/blog\/primer-campamento-rascafria\/#breadcrumb\",\"itemListElement\":[{\"@type\":\"ListItem\",\"position\":1,\"name\":\"blog\",\"item\":\"https:\/\/www.campamentum.com\/blog\/\"},{\"@type\":\"ListItem\",\"position\":2,\"name\":\"Experiencias\",\"item\":\"https:\/\/www.campamentum.com\/blog\/experiencias\/\"},{\"@type\":\"ListItem\",\"position\":3,\"name\":\"Mi primer campamento: Rascafr\u00eda\"}]},{\"@type\":\"WebSite\",\"@id\":\"https:\/\/www.campamentum.com\/blog\/#website\",\"url\":\"https:\/\/www.campamentum.com\/blog\/\",\"name\":\"El Blog de los campamentos de verano - Campamentum\",\"description\":\"Noticias, Curiosidades, consejos y mucho m\u00e1s en el blog de los campamentos de verano de Campamentum\",\"publisher\":{\"@id\":\"https:\/\/www.campamentum.com\/blog\/#organization\"},\"potentialAction\":[{\"@type\":\"SearchAction\",\"target\":{\"@type\":\"EntryPoint\",\"urlTemplate\":\"https:\/\/www.campamentum.com\/blog\/?s={search_term_string}\"},\"query-input\":{\"@type\":\"PropertyValueSpecification\",\"valueRequired\":true,\"valueName\":\"search_term_string\"}}],\"inLanguage\":\"es\"},{\"@type\":\"Organization\",\"@id\":\"https:\/\/www.campamentum.com\/blog\/#organization\",\"name\":\"Campamentum\",\"url\":\"https:\/\/www.campamentum.com\/blog\/\",\"logo\":{\"@type\":\"ImageObject\",\"inLanguage\":\"es\",\"@id\":\"https:\/\/www.campamentum.com\/blog\/#\/schema\/logo\/image\/\",\"url\":\"https:\/\/www.campamentum.com\/blog\/wp-content\/uploads\/2015\/10\/campamentum-blog-logo.png\",\"contentUrl\":\"https:\/\/www.campamentum.com\/blog\/wp-content\/uploads\/2015\/10\/campamentum-blog-logo.png\",\"width\":252,\"height\":48,\"caption\":\"Campamentum\"},\"image\":{\"@id\":\"https:\/\/www.campamentum.com\/blog\/#\/schema\/logo\/image\/\"},\"sameAs\":[\"https:\/\/www.facebook.com\/campamentum\",\"https:\/\/x.com\/Campamentum\"]},{\"@type\":\"Person\",\"@id\":\"https:\/\/www.campamentum.com\/blog\/#\/schema\/person\/3a6a118d1c47fc58ebf0b288e015f948\",\"name\":\"Campamentum\",\"image\":{\"@type\":\"ImageObject\",\"inLanguage\":\"es\",\"@id\":\"https:\/\/www.campamentum.com\/blog\/#\/schema\/person\/image\/\",\"url\":\"https:\/\/secure.gravatar.com\/avatar\/e5c84880edb6f273c30d62357d2f744f2323f363a4be3f016c1f6785f2a5edbe?s=96&d=mm&r=g\",\"contentUrl\":\"https:\/\/secure.gravatar.com\/avatar\/e5c84880edb6f273c30d62357d2f744f2323f363a4be3f016c1f6785f2a5edbe?s=96&d=mm&r=g\",\"caption\":\"Campamentum\"}}]}<\/script>\n<!-- \/ Yoast SEO plugin. -->","yoast_head_json":{"title":"Recuerdos de Mi Primer Campamento en Rascafr\u00eda","description":"Recuerdos con cari\u00f1o del primer campamento al que me llevaron mis padres con 11 a\u00f1os. Fue en Rascafr\u00eda, un pueblecito de la Sierra de Guadarrama.","robots":{"index":"index","follow":"follow","max-snippet":"max-snippet:-1","max-image-preview":"max-image-preview:large","max-video-preview":"max-video-preview:-1"},"canonical":"https:\/\/www.campamentum.com\/blog\/primer-campamento-rascafria\/","og_locale":"es_ES","og_type":"article","og_title":"Recuerdos de Mi Primer Campamento en Rascafr\u00eda","og_description":"Recuerdos con cari\u00f1o del primer campamento al que me llevaron mis padres con 11 a\u00f1os. Fue en Rascafr\u00eda, un pueblecito de la Sierra de Guadarrama.","og_url":"https:\/\/www.campamentum.com\/blog\/primer-campamento-rascafria\/","og_site_name":"El Blog de los campamentos de verano - Campamentum","article_publisher":"https:\/\/www.facebook.com\/campamentum","article_published_time":"2017-02-16T09:00:42+00:00","article_modified_time":"2020-01-22T14:50:38+00:00","og_image":[{"width":750,"height":350,"url":"https:\/\/www.campamentum.com\/blog\/wp-content\/uploads\/2017\/02\/campamento-verano-rascafria.jpg","type":"image\/jpeg"}],"author":"Campamentum","twitter_card":"summary_large_image","twitter_creator":"@Campamentum","twitter_site":"@Campamentum","twitter_misc":{"Escrito por":"Campamentum","Tiempo de lectura":"5 minutos"},"schema":{"@context":"https:\/\/schema.org","@graph":[{"@type":"Article","@id":"https:\/\/www.campamentum.com\/blog\/primer-campamento-rascafria\/#article","isPartOf":{"@id":"https:\/\/www.campamentum.com\/blog\/primer-campamento-rascafria\/"},"author":{"name":"Campamentum","@id":"https:\/\/www.campamentum.com\/blog\/#\/schema\/person\/3a6a118d1c47fc58ebf0b288e015f948"},"headline":"Mi primer campamento: Rascafr\u00eda","datePublished":"2017-02-16T09:00:42+00:00","dateModified":"2020-01-22T14:50:38+00:00","mainEntityOfPage":{"@id":"https:\/\/www.campamentum.com\/blog\/primer-campamento-rascafria\/"},"wordCount":1094,"commentCount":0,"publisher":{"@id":"https:\/\/www.campamentum.com\/blog\/#organization"},"image":{"@id":"https:\/\/www.campamentum.com\/blog\/primer-campamento-rascafria\/#primaryimage"},"thumbnailUrl":"https:\/\/www.campamentum.com\/blog\/wp-content\/uploads\/2017\/02\/campamento-verano-rascafria.jpg","articleSection":["Experiencias"],"inLanguage":"es","potentialAction":[{"@type":"CommentAction","name":"Comment","target":["https:\/\/www.campamentum.com\/blog\/primer-campamento-rascafria\/#respond"]}]},{"@type":"WebPage","@id":"https:\/\/www.campamentum.com\/blog\/primer-campamento-rascafria\/","url":"https:\/\/www.campamentum.com\/blog\/primer-campamento-rascafria\/","name":"Recuerdos de Mi Primer Campamento en Rascafr\u00eda","isPartOf":{"@id":"https:\/\/www.campamentum.com\/blog\/#website"},"primaryImageOfPage":{"@id":"https:\/\/www.campamentum.com\/blog\/primer-campamento-rascafria\/#primaryimage"},"image":{"@id":"https:\/\/www.campamentum.com\/blog\/primer-campamento-rascafria\/#primaryimage"},"thumbnailUrl":"https:\/\/www.campamentum.com\/blog\/wp-content\/uploads\/2017\/02\/campamento-verano-rascafria.jpg","datePublished":"2017-02-16T09:00:42+00:00","dateModified":"2020-01-22T14:50:38+00:00","description":"Recuerdos con cari\u00f1o del primer campamento al que me llevaron mis padres con 11 a\u00f1os. Fue en Rascafr\u00eda, un pueblecito de la Sierra de Guadarrama.","breadcrumb":{"@id":"https:\/\/www.campamentum.com\/blog\/primer-campamento-rascafria\/#breadcrumb"},"inLanguage":"es","potentialAction":[{"@type":"ReadAction","target":["https:\/\/www.campamentum.com\/blog\/primer-campamento-rascafria\/"]}]},{"@type":"ImageObject","inLanguage":"es","@id":"https:\/\/www.campamentum.com\/blog\/primer-campamento-rascafria\/#primaryimage","url":"https:\/\/www.campamentum.com\/blog\/wp-content\/uploads\/2017\/02\/campamento-verano-rascafria.jpg","contentUrl":"https:\/\/www.campamentum.com\/blog\/wp-content\/uploads\/2017\/02\/campamento-verano-rascafria.jpg","width":750,"height":350,"caption":"campamentos en Rascafr\u00eda"},{"@type":"BreadcrumbList","@id":"https:\/\/www.campamentum.com\/blog\/primer-campamento-rascafria\/#breadcrumb","itemListElement":[{"@type":"ListItem","position":1,"name":"blog","item":"https:\/\/www.campamentum.com\/blog\/"},{"@type":"ListItem","position":2,"name":"Experiencias","item":"https:\/\/www.campamentum.com\/blog\/experiencias\/"},{"@type":"ListItem","position":3,"name":"Mi primer campamento: Rascafr\u00eda"}]},{"@type":"WebSite","@id":"https:\/\/www.campamentum.com\/blog\/#website","url":"https:\/\/www.campamentum.com\/blog\/","name":"El Blog de los campamentos de verano - Campamentum","description":"Noticias, Curiosidades, consejos y mucho m\u00e1s en el blog de los campamentos de verano de Campamentum","publisher":{"@id":"https:\/\/www.campamentum.com\/blog\/#organization"},"potentialAction":[{"@type":"SearchAction","target":{"@type":"EntryPoint","urlTemplate":"https:\/\/www.campamentum.com\/blog\/?s={search_term_string}"},"query-input":{"@type":"PropertyValueSpecification","valueRequired":true,"valueName":"search_term_string"}}],"inLanguage":"es"},{"@type":"Organization","@id":"https:\/\/www.campamentum.com\/blog\/#organization","name":"Campamentum","url":"https:\/\/www.campamentum.com\/blog\/","logo":{"@type":"ImageObject","inLanguage":"es","@id":"https:\/\/www.campamentum.com\/blog\/#\/schema\/logo\/image\/","url":"https:\/\/www.campamentum.com\/blog\/wp-content\/uploads\/2015\/10\/campamentum-blog-logo.png","contentUrl":"https:\/\/www.campamentum.com\/blog\/wp-content\/uploads\/2015\/10\/campamentum-blog-logo.png","width":252,"height":48,"caption":"Campamentum"},"image":{"@id":"https:\/\/www.campamentum.com\/blog\/#\/schema\/logo\/image\/"},"sameAs":["https:\/\/www.facebook.com\/campamentum","https:\/\/x.com\/Campamentum"]},{"@type":"Person","@id":"https:\/\/www.campamentum.com\/blog\/#\/schema\/person\/3a6a118d1c47fc58ebf0b288e015f948","name":"Campamentum","image":{"@type":"ImageObject","inLanguage":"es","@id":"https:\/\/www.campamentum.com\/blog\/#\/schema\/person\/image\/","url":"https:\/\/secure.gravatar.com\/avatar\/e5c84880edb6f273c30d62357d2f744f2323f363a4be3f016c1f6785f2a5edbe?s=96&d=mm&r=g","contentUrl":"https:\/\/secure.gravatar.com\/avatar\/e5c84880edb6f273c30d62357d2f744f2323f363a4be3f016c1f6785f2a5edbe?s=96&d=mm&r=g","caption":"Campamentum"}}]}},"_links":{"self":[{"href":"https:\/\/www.campamentum.com\/blog\/wp-json\/wp\/v2\/posts\/9379","targetHints":{"allow":["GET"]}}],"collection":[{"href":"https:\/\/www.campamentum.com\/blog\/wp-json\/wp\/v2\/posts"}],"about":[{"href":"https:\/\/www.campamentum.com\/blog\/wp-json\/wp\/v2\/types\/post"}],"author":[{"embeddable":true,"href":"https:\/\/www.campamentum.com\/blog\/wp-json\/wp\/v2\/users\/1"}],"replies":[{"embeddable":true,"href":"https:\/\/www.campamentum.com\/blog\/wp-json\/wp\/v2\/comments?post=9379"}],"version-history":[{"count":3,"href":"https:\/\/www.campamentum.com\/blog\/wp-json\/wp\/v2\/posts\/9379\/revisions"}],"predecessor-version":[{"id":9730,"href":"https:\/\/www.campamentum.com\/blog\/wp-json\/wp\/v2\/posts\/9379\/revisions\/9730"}],"wp:featuredmedia":[{"embeddable":true,"href":"https:\/\/www.campamentum.com\/blog\/wp-json\/wp\/v2\/media\/9380"}],"wp:attachment":[{"href":"https:\/\/www.campamentum.com\/blog\/wp-json\/wp\/v2\/media?parent=9379"}],"wp:term":[{"taxonomy":"category","embeddable":true,"href":"https:\/\/www.campamentum.com\/blog\/wp-json\/wp\/v2\/categories?post=9379"},{"taxonomy":"post_tag","embeddable":true,"href":"https:\/\/www.campamentum.com\/blog\/wp-json\/wp\/v2\/tags?post=9379"}],"curies":[{"name":"wp","href":"https:\/\/api.w.org\/{rel}","templated":true}]}}